{"id":10052,"date":"2023-01-03T17:07:17","date_gmt":"2023-01-03T16:07:17","guid":{"rendered":"https:\/\/www.tchausen.ch\/wordpress\/?p=10052"},"modified":"2023-02-02T22:03:22","modified_gmt":"2023-02-02T21:03:22","slug":"einladung-zur-46-gv-des-tc-hausen-vom-28-januar-2023","status":"publish","type":"post","link":"https:\/\/www.tchausen.ch\/wordpress\/2023\/01\/03\/einladung-zur-46-gv-des-tc-hausen-vom-28-januar-2023\/","title":{"rendered":"Erfolgreiche GV 2023"},"content":{"rendered":"\n<p>Am Samstag 28.01.2023 fand die 46. Generalversammlung des TC Hausen am Albis wieder in physischer Form statt. Leider fanden nur 22 Aktiv &#8211; sowie 3 Passivmitglieder den Weg ins gut gew\u00e4rmte Clubhaus. <\/p>\n\n\n\n<p>Pr\u00e4sident Adrian Fl\u00fcckiger f\u00fchrte souver\u00e4n durch die knapp 80-min\u00fctige Versammlung. Alle Punkte der verschiedenen Traktanden wurden einstimmig angenommen. Danach wurden den Anwesenden ein Ap\u00e9ro Riche im Stil eines 5-Stern Hotels serviert. Das TCH Event Team \u00fcbertraf sich dabei wieder mal selber.<\/p>\n\n\n\n<p>Der TCH m\u00f6chte sich auch noch ganz herzlich bei ihrem Sponsor, dem <a href=\"https:\/\/www.loewen-hausen.ch\/de\/home\" target=\"_blank\" rel=\"noreferrer noopener\">Restaurant L\u00f6wen, Hausen am Albis<\/a> f\u00fcr das Ausleihen von Apero Geschirr bedanken.<\/p>\n\n\n\n<p>Das Protokoll der GV wird in den n\u00e4chsten Wochen auf der Homepage erh\u00e4ltlich sein.<\/p>\n\n\n\n<figure class=\"wp-block-image size-medium is-resized is-style-default\"><img fetchpriority=\"high\" decoding=\"async\" src=\"https:\/\/www.tchausen.ch\/wordpress\/wp-content\/uploads\/2023\/01\/GV2023-table-225x300.jpg\" alt=\"\" class=\"wp-image-10167\" width=\"372\" height=\"496\" srcset=\"https:\/\/www.tchausen.ch\/wordpress\/wp-content\/uploads\/2023\/01\/GV2023-table-225x300.jpg 225w, https:\/\/www.tchausen.ch\/wordpress\/wp-content\/uploads\/2023\/01\/GV2023-table-768x1024.jpg 768w, https:\/\/www.tchausen.ch\/wordpress\/wp-content\/uploads\/2023\/01\/GV2023-table-1152x1536.jpg 1152w, https:\/\/www.tchausen.ch\/wordpress\/wp-content\/uploads\/2023\/01\/GV2023-table.jpg 1200w\" sizes=\"(max-width: 372px) 100vw, 372px\" \/><\/figure>\n","protected":false},"excerpt":{"rendered":"<p>Am Samstag 28.01.2023 fand die 46. Generalversammlung des TC Hausen am Albis wieder in physischer Form statt. Leider fanden nur 22 Aktiv &#8211; sowie 3 Passivmitglieder den Weg ins gut [&hellip;]<\/p>\n","protected":false},"author":1,"featured_media":10053,"comment_status":"closed","ping_status":"closed","sticky":false,"template":"","format":"standard","meta":{"content-type":"","ocean_post_layout":"","ocean_both_sidebars_style":"","ocean_both_sidebars_content_width":0,"ocean_both_sidebars_sidebars_width":0,"ocean_sidebar":"0","ocean_second_sidebar":"0","ocean_disable_margins":"enable","ocean_add_body_class":"","ocean_shortcode_before_top_bar":"","ocean_shortcode_after_top_bar":"","ocean_shortcode_before_header":"","ocean_shortcode_after_header":"","ocean_has_shortcode":"","ocean_shortcode_after_title":"","ocean_shortcode_before_footer_widgets":"","ocean_shortcode_after_footer_widgets":"","ocean_shortcode_before_footer_bottom":"","ocean_shortcode_after_footer_bottom":"","ocean_display_top_bar":"default","ocean_display_header":"default","ocean_header_style":"","ocean_center_header_left_menu":"0","ocean_custom_header_template":"0","ocean_custom_logo":0,"ocean_custom_retina_logo":0,"ocean_custom_logo_max_width":0,"ocean_custom_logo_tablet_max_width":0,"ocean_custom_logo_mobile_max_width":0,"ocean_custom_logo_max_height":0,"ocean_custom_logo_tablet_max_height":0,"ocean_custom_logo_mobile_max_height":0,"ocean_header_custom_menu":"0","ocean_menu_typo_font_family":"0","ocean_menu_typo_font_subset":"","ocean_menu_typo_font_size":0,"ocean_menu_typo_font_size_tablet":0,"ocean_menu_typo_font_size_mobile":0,"ocean_menu_typo_font_size_unit":"px","ocean_menu_typo_font_weight":"","ocean_menu_typo_font_weight_tablet":"","ocean_menu_typo_font_weight_mobile":"","ocean_menu_typo_transform":"","ocean_menu_typo_transform_tablet":"","ocean_menu_typo_transform_mobile":"","ocean_menu_typo_line_height":0,"ocean_menu_typo_line_height_tablet":0,"ocean_menu_typo_line_height_mobile":0,"ocean_menu_typo_line_height_unit":"","ocean_menu_typo_spacing":0,"ocean_menu_typo_spacing_tablet":0,"ocean_menu_typo_spacing_mobile":0,"ocean_menu_typo_spacing_unit":"","ocean_menu_link_color":"","ocean_menu_link_color_hover":"","ocean_menu_link_color_active":"","ocean_menu_link_background":"","ocean_menu_link_hover_background":"","ocean_menu_link_active_background":"","ocean_menu_social_links_bg":"","ocean_menu_social_hover_links_bg":"","ocean_menu_social_links_color":"","ocean_menu_social_hover_links_color":"","ocean_disable_title":"default","ocean_disable_heading":"default","ocean_post_title":"","ocean_post_subheading":"","ocean_post_title_style":"","ocean_post_title_background_color":"","ocean_post_title_background":0,"ocean_post_title_bg_image_position":"","ocean_post_title_bg_image_attachment":"","ocean_post_title_bg_image_repeat":"","ocean_post_title_bg_image_size":"","ocean_post_title_height":0,"ocean_post_title_bg_overlay":0.5,"ocean_post_title_bg_overlay_color":"","ocean_disable_breadcrumbs":"default","ocean_breadcrumbs_color":"","ocean_breadcrumbs_separator_color":"","ocean_breadcrumbs_links_color":"","ocean_breadcrumbs_links_hover_color":"","ocean_display_footer_widgets":"default","ocean_display_footer_bottom":"default","ocean_custom_footer_template":"0","osh_disable_topbar_sticky":"default","osh_disable_header_sticky":"default","osh_sticky_header_style":"default","osh_sticky_header_effect":"","osh_custom_sticky_logo":0,"osh_custom_retina_sticky_logo":0,"osh_custom_sticky_logo_height":0,"osh_background_color":"","osh_links_color":"","osh_links_hover_color":"","osh_links_active_color":"","osh_links_bg_color":"","osh_links_hover_bg_color":"","osh_links_active_bg_color":"","osh_menu_social_links_color":"","osh_menu_social_hover_links_color":"","ocean_post_oembed":"","ocean_post_self_hosted_media":"","ocean_post_video_embed":"","ocean_link_format":"","ocean_link_format_target":"self","ocean_quote_format":"","ocean_quote_format_link":"post","ocean_gallery_link_images":"off","ocean_gallery_id":[],"footnotes":""},"categories":[39],"tags":[],"class_list":["post-10052","post","type-post","status-publish","format-standard","has-post-thumbnail","hentry","category-club","entry","has-media"],"yoast_head":"<!-- This site is optimized with the Yoast SEO plugin v27.5 - https:\/\/yoast.com\/product\/yoast-seo-wordpress\/ -->\n<title>Erfolgreiche GV 2023 - Tennisclub Hausen am Albis<\/title>\n<meta name=\"robots\" content=\"index, follow, max-snippet:-1, max-image-preview:large, max-video-preview:-1\" \/>\n<link rel=\"canonical\" href=\"https:\/\/www.tchausen.ch\/wordpress\/2023\/01\/03\/einladung-zur-46-gv-des-tc-hausen-vom-28-januar-2023\/\" \/>\n<meta property=\"og:locale\" content=\"de_DE\" \/>\n<meta property=\"og:type\" content=\"article\" \/>\n<meta property=\"og:title\" content=\"Erfolgreiche GV 2023 - Tennisclub Hausen am Albis\" \/>\n<meta property=\"og:description\" content=\"Am Samstag 28.01.2023 fand die 46. Generalversammlung des TC Hausen am Albis wieder in physischer Form statt. Leider fanden nur 22 Aktiv &#8211; sowie 3 Passivmitglieder den Weg ins gut [&hellip;]\" \/>\n<meta property=\"og:url\" content=\"https:\/\/www.tchausen.ch\/wordpress\/2023\/01\/03\/einladung-zur-46-gv-des-tc-hausen-vom-28-januar-2023\/\" \/>\n<meta property=\"og:site_name\" content=\"Tennisclub Hausen am Albis\" \/>\n<meta property=\"article:published_time\" content=\"2023-01-03T16:07:17+00:00\" \/>\n<meta property=\"article:modified_time\" content=\"2023-02-02T21:03:22+00:00\" \/>\n<meta property=\"og:image\" content=\"https:\/\/www.tchausen.ch\/wordpress\/wp-content\/uploads\/2023\/01\/GV-2023.png\" \/>\n\t<meta property=\"og:image:width\" content=\"1200\" \/>\n\t<meta property=\"og:image:height\" content=\"900\" \/>\n\t<meta property=\"og:image:type\" content=\"image\/png\" \/>\n<meta name=\"author\" content=\"Nico Koelliker\" \/>\n<meta name=\"twitter:card\" content=\"summary_large_image\" \/>\n<meta name=\"twitter:label1\" content=\"Verfasst von\" \/>\n\t<meta name=\"twitter:data1\" content=\"Nico Koelliker\" \/>\n\t<meta name=\"twitter:label2\" content=\"Gesch\u00e4tzte Lesezeit\" \/>\n\t<meta name=\"twitter:data2\" content=\"1\u00a0Minute\" \/>\n<script type=\"application\/ld+json\" class=\"yoast-schema-graph\">{\"@context\":\"https:\\\/\\\/schema.org\",\"@graph\":[{\"@type\":\"Article\",\"@id\":\"https:\\\/\\\/www.tchausen.ch\\\/wordpress\\\/2023\\\/01\\\/03\\\/einladung-zur-46-gv-des-tc-hausen-vom-28-januar-2023\\\/#article\",\"isPartOf\":{\"@id\":\"https:\\\/\\\/www.tchausen.ch\\\/wordpress\\\/2023\\\/01\\\/03\\\/einladung-zur-46-gv-des-tc-hausen-vom-28-januar-2023\\\/\"},\"author\":{\"name\":\"Nico Koelliker\",\"@id\":\"https:\\\/\\\/www.tchausen.ch\\\/wordpress\\\/#\\\/schema\\\/person\\\/5b6b765c32bc86c1b03f45a4c5d6bff4\"},\"headline\":\"Erfolgreiche GV 2023\",\"datePublished\":\"2023-01-03T16:07:17+00:00\",\"dateModified\":\"2023-02-02T21:03:22+00:00\",\"mainEntityOfPage\":{\"@id\":\"https:\\\/\\\/www.tchausen.ch\\\/wordpress\\\/2023\\\/01\\\/03\\\/einladung-zur-46-gv-des-tc-hausen-vom-28-januar-2023\\\/\"},\"wordCount\":121,\"publisher\":{\"@id\":\"https:\\\/\\\/www.tchausen.ch\\\/wordpress\\\/#organization\"},\"image\":{\"@id\":\"https:\\\/\\\/www.tchausen.ch\\\/wordpress\\\/2023\\\/01\\\/03\\\/einladung-zur-46-gv-des-tc-hausen-vom-28-januar-2023\\\/#primaryimage\"},\"thumbnailUrl\":\"https:\\\/\\\/www.tchausen.ch\\\/wordpress\\\/wp-content\\\/uploads\\\/2023\\\/01\\\/GV-2023.png\",\"articleSection\":[\"Club\"],\"inLanguage\":\"de\"},{\"@type\":\"WebPage\",\"@id\":\"https:\\\/\\\/www.tchausen.ch\\\/wordpress\\\/2023\\\/01\\\/03\\\/einladung-zur-46-gv-des-tc-hausen-vom-28-januar-2023\\\/\",\"url\":\"https:\\\/\\\/www.tchausen.ch\\\/wordpress\\\/2023\\\/01\\\/03\\\/einladung-zur-46-gv-des-tc-hausen-vom-28-januar-2023\\\/\",\"name\":\"Erfolgreiche GV 2023 - Tennisclub Hausen am Albis\",\"isPartOf\":{\"@id\":\"https:\\\/\\\/www.tchausen.ch\\\/wordpress\\\/#website\"},\"primaryImageOfPage\":{\"@id\":\"https:\\\/\\\/www.tchausen.ch\\\/wordpress\\\/2023\\\/01\\\/03\\\/einladung-zur-46-gv-des-tc-hausen-vom-28-januar-2023\\\/#primaryimage\"},\"image\":{\"@id\":\"https:\\\/\\\/www.tchausen.ch\\\/wordpress\\\/2023\\\/01\\\/03\\\/einladung-zur-46-gv-des-tc-hausen-vom-28-januar-2023\\\/#primaryimage\"},\"thumbnailUrl\":\"https:\\\/\\\/www.tchausen.ch\\\/wordpress\\\/wp-content\\\/uploads\\\/2023\\\/01\\\/GV-2023.png\",\"datePublished\":\"2023-01-03T16:07:17+00:00\",\"dateModified\":\"2023-02-02T21:03:22+00:00\",\"breadcrumb\":{\"@id\":\"https:\\\/\\\/www.tchausen.ch\\\/wordpress\\\/2023\\\/01\\\/03\\\/einladung-zur-46-gv-des-tc-hausen-vom-28-januar-2023\\\/#breadcrumb\"},\"inLanguage\":\"de\",\"potentialAction\":[{\"@type\":\"ReadAction\",\"target\":[\"https:\\\/\\\/www.tchausen.ch\\\/wordpress\\\/2023\\\/01\\\/03\\\/einladung-zur-46-gv-des-tc-hausen-vom-28-januar-2023\\\/\"]}]},{\"@type\":\"ImageObject\",\"inLanguage\":\"de\",\"@id\":\"https:\\\/\\\/www.tchausen.ch\\\/wordpress\\\/2023\\\/01\\\/03\\\/einladung-zur-46-gv-des-tc-hausen-vom-28-januar-2023\\\/#primaryimage\",\"url\":\"https:\\\/\\\/www.tchausen.ch\\\/wordpress\\\/wp-content\\\/uploads\\\/2023\\\/01\\\/GV-2023.png\",\"contentUrl\":\"https:\\\/\\\/www.tchausen.ch\\\/wordpress\\\/wp-content\\\/uploads\\\/2023\\\/01\\\/GV-2023.png\",\"width\":1200,\"height\":900},{\"@type\":\"BreadcrumbList\",\"@id\":\"https:\\\/\\\/www.tchausen.ch\\\/wordpress\\\/2023\\\/01\\\/03\\\/einladung-zur-46-gv-des-tc-hausen-vom-28-januar-2023\\\/#breadcrumb\",\"itemListElement\":[{\"@type\":\"ListItem\",\"position\":1,\"name\":\"Startseite\",\"item\":\"https:\\\/\\\/www.tchausen.ch\\\/wordpress\\\/\"},{\"@type\":\"ListItem\",\"position\":2,\"name\":\"Erfolgreiche GV 2023\"}]},{\"@type\":\"WebSite\",\"@id\":\"https:\\\/\\\/www.tchausen.ch\\\/wordpress\\\/#website\",\"url\":\"https:\\\/\\\/www.tchausen.ch\\\/wordpress\\\/\",\"name\":\"Tennisclub Hausen am Albis\",\"description\":\"\",\"publisher\":{\"@id\":\"https:\\\/\\\/www.tchausen.ch\\\/wordpress\\\/#organization\"},\"potentialAction\":[{\"@type\":\"SearchAction\",\"target\":{\"@type\":\"EntryPoint\",\"urlTemplate\":\"https:\\\/\\\/www.tchausen.ch\\\/wordpress\\\/?s={search_term_string}\"},\"query-input\":{\"@type\":\"PropertyValueSpecification\",\"valueRequired\":true,\"valueName\":\"search_term_string\"}}],\"inLanguage\":\"de\"},{\"@type\":\"Organization\",\"@id\":\"https:\\\/\\\/www.tchausen.ch\\\/wordpress\\\/#organization\",\"name\":\"Tennisclub Hausen am Albis\",\"url\":\"https:\\\/\\\/www.tchausen.ch\\\/wordpress\\\/\",\"logo\":{\"@type\":\"ImageObject\",\"inLanguage\":\"de\",\"@id\":\"https:\\\/\\\/www.tchausen.ch\\\/wordpress\\\/#\\\/schema\\\/logo\\\/image\\\/\",\"url\":\"https:\\\/\\\/www.tchausen.ch\\\/wordpress\\\/wp-content\\\/uploads\\\/2021\\\/03\\\/cropped-TCH_Logo2021_240x88_RGB.jpg\",\"contentUrl\":\"https:\\\/\\\/www.tchausen.ch\\\/wordpress\\\/wp-content\\\/uploads\\\/2021\\\/03\\\/cropped-TCH_Logo2021_240x88_RGB.jpg\",\"width\":681,\"height\":251,\"caption\":\"Tennisclub Hausen am Albis\"},\"image\":{\"@id\":\"https:\\\/\\\/www.tchausen.ch\\\/wordpress\\\/#\\\/schema\\\/logo\\\/image\\\/\"},\"sameAs\":[\"https:\\\/\\\/www.instagram.com\\\/tennisclub_hausen_am_albis\\\/\"]},{\"@type\":\"Person\",\"@id\":\"https:\\\/\\\/www.tchausen.ch\\\/wordpress\\\/#\\\/schema\\\/person\\\/5b6b765c32bc86c1b03f45a4c5d6bff4\",\"name\":\"Nico Koelliker\",\"sameAs\":[\"http:\\\/\\\/www.tchausen.ch\\\/wordpress\"],\"url\":\"https:\\\/\\\/www.tchausen.ch\\\/wordpress\\\/author\\\/nicokoelliker\\\/\"}]}<\/script>\n<!-- \/ Yoast SEO plugin. -->","yoast_head_json":{"title":"Erfolgreiche GV 2023 - Tennisclub Hausen am Albis","robots":{"index":"index","follow":"follow","max-snippet":"max-snippet:-1","max-image-preview":"max-image-preview:large","max-video-preview":"max-video-preview:-1"},"canonical":"https:\/\/www.tchausen.ch\/wordpress\/2023\/01\/03\/einladung-zur-46-gv-des-tc-hausen-vom-28-januar-2023\/","og_locale":"de_DE","og_type":"article","og_title":"Erfolgreiche GV 2023 - Tennisclub Hausen am Albis","og_description":"Am Samstag 28.01.2023 fand die 46. Generalversammlung des TC Hausen am Albis wieder in physischer Form statt. Leider fanden nur 22 Aktiv &#8211; sowie 3 Passivmitglieder den Weg ins gut [&hellip;]","og_url":"https:\/\/www.tchausen.ch\/wordpress\/2023\/01\/03\/einladung-zur-46-gv-des-tc-hausen-vom-28-januar-2023\/","og_site_name":"Tennisclub Hausen am Albis","article_published_time":"2023-01-03T16:07:17+00:00","article_modified_time":"2023-02-02T21:03:22+00:00","og_image":[{"width":1200,"height":900,"url":"https:\/\/www.tchausen.ch\/wordpress\/wp-content\/uploads\/2023\/01\/GV-2023.png","type":"image\/png"}],"author":"Nico Koelliker","twitter_card":"summary_large_image","twitter_misc":{"Verfasst von":"Nico Koelliker","Gesch\u00e4tzte Lesezeit":"1\u00a0Minute"},"schema":{"@context":"https:\/\/schema.org","@graph":[{"@type":"Article","@id":"https:\/\/www.tchausen.ch\/wordpress\/2023\/01\/03\/einladung-zur-46-gv-des-tc-hausen-vom-28-januar-2023\/#article","isPartOf":{"@id":"https:\/\/www.tchausen.ch\/wordpress\/2023\/01\/03\/einladung-zur-46-gv-des-tc-hausen-vom-28-januar-2023\/"},"author":{"name":"Nico Koelliker","@id":"https:\/\/www.tchausen.ch\/wordpress\/#\/schema\/person\/5b6b765c32bc86c1b03f45a4c5d6bff4"},"headline":"Erfolgreiche GV 2023","datePublished":"2023-01-03T16:07:17+00:00","dateModified":"2023-02-02T21:03:22+00:00","mainEntityOfPage":{"@id":"https:\/\/www.tchausen.ch\/wordpress\/2023\/01\/03\/einladung-zur-46-gv-des-tc-hausen-vom-28-januar-2023\/"},"wordCount":121,"publisher":{"@id":"https:\/\/www.tchausen.ch\/wordpress\/#organization"},"image":{"@id":"https:\/\/www.tchausen.ch\/wordpress\/2023\/01\/03\/einladung-zur-46-gv-des-tc-hausen-vom-28-januar-2023\/#primaryimage"},"thumbnailUrl":"https:\/\/www.tchausen.ch\/wordpress\/wp-content\/uploads\/2023\/01\/GV-2023.png","articleSection":["Club"],"inLanguage":"de"},{"@type":"WebPage","@id":"https:\/\/www.tchausen.ch\/wordpress\/2023\/01\/03\/einladung-zur-46-gv-des-tc-hausen-vom-28-januar-2023\/","url":"https:\/\/www.tchausen.ch\/wordpress\/2023\/01\/03\/einladung-zur-46-gv-des-tc-hausen-vom-28-januar-2023\/","name":"Erfolgreiche GV 2023 - Tennisclub Hausen am Albis","isPartOf":{"@id":"https:\/\/www.tchausen.ch\/wordpress\/#website"},"primaryImageOfPage":{"@id":"https:\/\/www.tchausen.ch\/wordpress\/2023\/01\/03\/einladung-zur-46-gv-des-tc-hausen-vom-28-januar-2023\/#primaryimage"},"image":{"@id":"https:\/\/www.tchausen.ch\/wordpress\/2023\/01\/03\/einladung-zur-46-gv-des-tc-hausen-vom-28-januar-2023\/#primaryimage"},"thumbnailUrl":"https:\/\/www.tchausen.ch\/wordpress\/wp-content\/uploads\/2023\/01\/GV-2023.png","datePublished":"2023-01-03T16:07:17+00:00","dateModified":"2023-02-02T21:03:22+00:00","breadcrumb":{"@id":"https:\/\/www.tchausen.ch\/wordpress\/2023\/01\/03\/einladung-zur-46-gv-des-tc-hausen-vom-28-januar-2023\/#breadcrumb"},"inLanguage":"de","potentialAction":[{"@type":"ReadAction","target":["https:\/\/www.tchausen.ch\/wordpress\/2023\/01\/03\/einladung-zur-46-gv-des-tc-hausen-vom-28-januar-2023\/"]}]},{"@type":"ImageObject","inLanguage":"de","@id":"https:\/\/www.tchausen.ch\/wordpress\/2023\/01\/03\/einladung-zur-46-gv-des-tc-hausen-vom-28-januar-2023\/#primaryimage","url":"https:\/\/www.tchausen.ch\/wordpress\/wp-content\/uploads\/2023\/01\/GV-2023.png","contentUrl":"https:\/\/www.tchausen.ch\/wordpress\/wp-content\/uploads\/2023\/01\/GV-2023.png","width":1200,"height":900},{"@type":"BreadcrumbList","@id":"https:\/\/www.tchausen.ch\/wordpress\/2023\/01\/03\/einladung-zur-46-gv-des-tc-hausen-vom-28-januar-2023\/#breadcrumb","itemListElement":[{"@type":"ListItem","position":1,"name":"Startseite","item":"https:\/\/www.tchausen.ch\/wordpress\/"},{"@type":"ListItem","position":2,"name":"Erfolgreiche GV 2023"}]},{"@type":"WebSite","@id":"https:\/\/www.tchausen.ch\/wordpress\/#website","url":"https:\/\/www.tchausen.ch\/wordpress\/","name":"Tennisclub Hausen am Albis","description":"","publisher":{"@id":"https:\/\/www.tchausen.ch\/wordpress\/#organization"},"potentialAction":[{"@type":"SearchAction","target":{"@type":"EntryPoint","urlTemplate":"https:\/\/www.tchausen.ch\/wordpress\/?s={search_term_string}"},"query-input":{"@type":"PropertyValueSpecification","valueRequired":true,"valueName":"search_term_string"}}],"inLanguage":"de"},{"@type":"Organization","@id":"https:\/\/www.tchausen.ch\/wordpress\/#organization","name":"Tennisclub Hausen am Albis","url":"https:\/\/www.tchausen.ch\/wordpress\/","logo":{"@type":"ImageObject","inLanguage":"de","@id":"https:\/\/www.tchausen.ch\/wordpress\/#\/schema\/logo\/image\/","url":"https:\/\/www.tchausen.ch\/wordpress\/wp-content\/uploads\/2021\/03\/cropped-TCH_Logo2021_240x88_RGB.jpg","contentUrl":"https:\/\/www.tchausen.ch\/wordpress\/wp-content\/uploads\/2021\/03\/cropped-TCH_Logo2021_240x88_RGB.jpg","width":681,"height":251,"caption":"Tennisclub Hausen am Albis"},"image":{"@id":"https:\/\/www.tchausen.ch\/wordpress\/#\/schema\/logo\/image\/"},"sameAs":["https:\/\/www.instagram.com\/tennisclub_hausen_am_albis\/"]},{"@type":"Person","@id":"https:\/\/www.tchausen.ch\/wordpress\/#\/schema\/person\/5b6b765c32bc86c1b03f45a4c5d6bff4","name":"Nico Koelliker","sameAs":["http:\/\/www.tchausen.ch\/wordpress"],"url":"https:\/\/www.tchausen.ch\/wordpress\/author\/nicokoelliker\/"}]}},"_links":{"self":[{"href":"https:\/\/www.tchausen.ch\/wordpress\/wp-json\/wp\/v2\/posts\/10052","targetHints":{"allow":["GET"]}}],"collection":[{"href":"https:\/\/www.tchausen.ch\/wordpress\/wp-json\/wp\/v2\/posts"}],"about":[{"href":"https:\/\/www.tchausen.ch\/wordpress\/wp-json\/wp\/v2\/types\/post"}],"author":[{"embeddable":true,"href":"https:\/\/www.tchausen.ch\/wordpress\/wp-json\/wp\/v2\/users\/1"}],"replies":[{"embeddable":true,"href":"https:\/\/www.tchausen.ch\/wordpress\/wp-json\/wp\/v2\/comments?post=10052"}],"version-history":[{"count":5,"href":"https:\/\/www.tchausen.ch\/wordpress\/wp-json\/wp\/v2\/posts\/10052\/revisions"}],"predecessor-version":[{"id":10177,"href":"https:\/\/www.tchausen.ch\/wordpress\/wp-json\/wp\/v2\/posts\/10052\/revisions\/10177"}],"wp:featuredmedia":[{"embeddable":true,"href":"https:\/\/www.tchausen.ch\/wordpress\/wp-json\/wp\/v2\/media\/10053"}],"wp:attachment":[{"href":"https:\/\/www.tchausen.ch\/wordpress\/wp-json\/wp\/v2\/media?parent=10052"}],"wp:term":[{"taxonomy":"category","embeddable":true,"href":"https:\/\/www.tchausen.ch\/wordpress\/wp-json\/wp\/v2\/categories?post=10052"},{"taxonomy":"post_tag","embeddable":true,"href":"https:\/\/www.tchausen.ch\/wordpress\/wp-json\/wp\/v2\/tags?post=10052"}],"curies":[{"name":"wp","href":"https:\/\/api.w.org\/{rel}","templated":true}]}}