{"id":16951,"date":"2025-09-30T17:48:23","date_gmt":"2025-09-30T15:48:23","guid":{"rendered":"https:\/\/www.tchausen.ch\/wordpress\/?p=16951"},"modified":"2025-09-30T18:02:37","modified_gmt":"2025-09-30T16:02:37","slug":"generationscup-2025","status":"publish","type":"post","link":"https:\/\/www.tchausen.ch\/wordpress\/2025\/09\/30\/generationscup-2025\/","title":{"rendered":"Generationscup 2025"},"content":{"rendered":"\t\t<div data-elementor-type=\"wp-post\" data-elementor-id=\"16951\" class=\"elementor elementor-16951\">\n\t\t\t\t\t\t<section class=\"elementor-section elementor-top-section elementor-element elementor-element-388ad751 elementor-section-boxed elementor-section-height-default elementor-section-height-default\" data-id=\"388ad751\" data-element_type=\"section\" data-e-type=\"section\">\n\t\t\t\t\t\t<div class=\"elementor-container elementor-column-gap-default\">\n\t\t\t\t\t<div class=\"elementor-column elementor-col-100 elementor-top-column elementor-element elementor-element-5054cc0e\" data-id=\"5054cc0e\" data-element_type=\"column\" data-e-type=\"column\">\n\t\t\t<div class=\"elementor-widget-wrap elementor-element-populated\">\n\t\t\t\t\t\t<div class=\"elementor-element elementor-element-797492eb elementor-widget elementor-widget-text-editor\" data-id=\"797492eb\" data-element_type=\"widget\" data-e-type=\"widget\" data-widget_type=\"text-editor.default\">\n\t\t\t\t<div class=\"elementor-widget-container\">\n\t\t\t\t\t\t\t\t\t<p>Am Sonntag, den 28. September, fand unser <strong>Generationscup 2025<\/strong> statt. Dieses Jahr stand nicht nur Tennis, sondern auch Padel auf dem Programm \u2013 und beides sorgte f\u00fcr jede Menge Action auf dem Platz.<\/p>\n<p>Die Teams, jeweils aus zwei Generationen zusammengestellt, lieferten sich spannende Ballwechsel, packende Spiele und vor allem ganz viel gemeinsame Freude. Ob Jung oder Alt, Anf\u00e4nger oder Routinier \u2013 das Miteinander stand klar im Vordergrund.<\/p>\n<p>Auch das Wetter spielte perfekt mit: Ein goldener Herbsttag ohne Regen, genau richtig f\u00fcr sportliche Matches und fr\u00f6hliche Stimmung am Spielfeldrand. Am Ende blieb vor allem eins h\u00e4ngen: ein Tag voller Lachen, Teamgeist und unvergesslicher Momente.<\/p>\n<p>Viele Eindr\u00fccke und sch\u00f6ne Erinnerungen findet ihr in unserer <a href=\"https:\/\/www.tchausen.ch\/wordpress\/gallery\/gencup2025\/\">Fotogalerie<\/a>.<\/p>\t\t\t\t\t\t\t\t<\/div>\n\t\t\t\t<\/div>\n\t\t\t\t\t<\/div>\n\t\t<\/div>\n\t\t\t\t\t<\/div>\n\t\t<\/section>\n\t\t\t\t<\/div>\n\t\t","protected":false},"excerpt":{"rendered":"<p>Am Sonntag, den 28. September, fand unser Generationscup 2025 statt. Dieses Jahr stand nicht nur Tennis, sondern auch Padel auf dem Programm \u2013 und beides sorgte f\u00fcr jede Menge Action [&hellip;]<\/p>\n","protected":false},"author":7,"featured_media":16953,"comment_status":"closed","ping_status":"closed","sticky":false,"template":"","format":"standard","meta":{"content-type":"","ocean_post_layout":"","ocean_both_sidebars_style":"","ocean_both_sidebars_content_width":0,"ocean_both_sidebars_sidebars_width":0,"ocean_sidebar":"","ocean_second_sidebar":"","ocean_disable_margins":"enable","ocean_add_body_class":"","ocean_shortcode_before_top_bar":"","ocean_shortcode_after_top_bar":"","ocean_shortcode_before_header":"","ocean_shortcode_after_header":"","ocean_has_shortcode":"","ocean_shortcode_after_title":"","ocean_shortcode_before_footer_widgets":"","ocean_shortcode_after_footer_widgets":"","ocean_shortcode_before_footer_bottom":"","ocean_shortcode_after_footer_bottom":"","ocean_display_top_bar":"default","ocean_display_header":"default","ocean_header_style":"","ocean_center_header_left_menu":"","ocean_custom_header_template":"","ocean_custom_logo":0,"ocean_custom_retina_logo":0,"ocean_custom_logo_max_width":0,"ocean_custom_logo_tablet_max_width":0,"ocean_custom_logo_mobile_max_width":0,"ocean_custom_logo_max_height":0,"ocean_custom_logo_tablet_max_height":0,"ocean_custom_logo_mobile_max_height":0,"ocean_header_custom_menu":"","ocean_menu_typo_font_family":"","ocean_menu_typo_font_subset":"","ocean_menu_typo_font_size":0,"ocean_menu_typo_font_size_tablet":0,"ocean_menu_typo_font_size_mobile":0,"ocean_menu_typo_font_size_unit":"px","ocean_menu_typo_font_weight":"","ocean_menu_typo_font_weight_tablet":"","ocean_menu_typo_font_weight_mobile":"","ocean_menu_typo_transform":"","ocean_menu_typo_transform_tablet":"","ocean_menu_typo_transform_mobile":"","ocean_menu_typo_line_height":0,"ocean_menu_typo_line_height_tablet":0,"ocean_menu_typo_line_height_mobile":0,"ocean_menu_typo_line_height_unit":"","ocean_menu_typo_spacing":0,"ocean_menu_typo_spacing_tablet":0,"ocean_menu_typo_spacing_mobile":0,"ocean_menu_typo_spacing_unit":"","ocean_menu_link_color":"","ocean_menu_link_color_hover":"","ocean_menu_link_color_active":"","ocean_menu_link_background":"","ocean_menu_link_hover_background":"","ocean_menu_link_active_background":"","ocean_menu_social_links_bg":"","ocean_menu_social_hover_links_bg":"","ocean_menu_social_links_color":"","ocean_menu_social_hover_links_color":"","ocean_disable_title":"default","ocean_disable_heading":"default","ocean_post_title":"","ocean_post_subheading":"","ocean_post_title_style":"","ocean_post_title_background_color":"","ocean_post_title_background":0,"ocean_post_title_bg_image_position":"","ocean_post_title_bg_image_attachment":"","ocean_post_title_bg_image_repeat":"","ocean_post_title_bg_image_size":"","ocean_post_title_height":0,"ocean_post_title_bg_overlay":0.5,"ocean_post_title_bg_overlay_color":"","ocean_disable_breadcrumbs":"default","ocean_breadcrumbs_color":"","ocean_breadcrumbs_separator_color":"","ocean_breadcrumbs_links_color":"","ocean_breadcrumbs_links_hover_color":"","ocean_display_footer_widgets":"default","ocean_display_footer_bottom":"default","ocean_custom_footer_template":"","osh_disable_topbar_sticky":"default","osh_disable_header_sticky":"default","osh_sticky_header_style":"default","osh_sticky_header_effect":"","osh_custom_sticky_logo":0,"osh_custom_retina_sticky_logo":0,"osh_custom_sticky_logo_height":0,"osh_background_color":"","osh_links_color":"","osh_links_hover_color":"","osh_links_active_color":"","osh_links_bg_color":"","osh_links_hover_bg_color":"","osh_links_active_bg_color":"","osh_menu_social_links_color":"","osh_menu_social_hover_links_color":"","ocean_post_oembed":"","ocean_post_self_hosted_media":"","ocean_post_video_embed":"","ocean_link_format":"","ocean_link_format_target":"self","ocean_quote_format":"","ocean_quote_format_link":"post","ocean_gallery_link_images":"on","ocean_gallery_id":[],"footnotes":""},"categories":[6],"tags":[],"class_list":["post-16951","post","type-post","status-publish","format-standard","has-post-thumbnail","hentry","category-anlaesse","entry","has-media"],"yoast_head":"<!-- This site is optimized with the Yoast SEO plugin v27.5 - https:\/\/yoast.com\/product\/yoast-seo-wordpress\/ -->\n<title>Generationscup 2025 - Tennisclub Hausen am Albis<\/title>\n<meta name=\"robots\" content=\"index, follow, max-snippet:-1, max-image-preview:large, max-video-preview:-1\" \/>\n<link rel=\"canonical\" href=\"https:\/\/www.tchausen.ch\/wordpress\/2025\/09\/30\/generationscup-2025\/\" \/>\n<meta property=\"og:locale\" content=\"de_DE\" \/>\n<meta property=\"og:type\" content=\"article\" \/>\n<meta property=\"og:title\" content=\"Generationscup 2025 - Tennisclub Hausen am Albis\" \/>\n<meta property=\"og:description\" content=\"Am Sonntag, den 28. September, fand unser Generationscup 2025 statt. Dieses Jahr stand nicht nur Tennis, sondern auch Padel auf dem Programm \u2013 und beides sorgte f\u00fcr jede Menge Action [&hellip;]\" \/>\n<meta property=\"og:url\" content=\"https:\/\/www.tchausen.ch\/wordpress\/2025\/09\/30\/generationscup-2025\/\" \/>\n<meta property=\"og:site_name\" content=\"Tennisclub Hausen am Albis\" \/>\n<meta property=\"article:published_time\" content=\"2025-09-30T15:48:23+00:00\" \/>\n<meta property=\"article:modified_time\" content=\"2025-09-30T16:02:37+00:00\" \/>\n<meta property=\"og:image\" content=\"https:\/\/www.tchausen.ch\/wordpress\/wp-content\/uploads\/2025\/09\/GenCup-2025-12.jpg\" \/>\n\t<meta property=\"og:image:width\" content=\"1800\" \/>\n\t<meta property=\"og:image:height\" content=\"1350\" \/>\n\t<meta property=\"og:image:type\" content=\"image\/jpeg\" \/>\n<meta name=\"author\" content=\"Daniela Graf\" \/>\n<meta name=\"twitter:card\" content=\"summary_large_image\" \/>\n<meta name=\"twitter:label1\" content=\"Verfasst von\" \/>\n\t<meta name=\"twitter:data1\" content=\"Daniela Graf\" \/>\n\t<meta name=\"twitter:label2\" content=\"Gesch\u00e4tzte Lesezeit\" \/>\n\t<meta name=\"twitter:data2\" content=\"1\u00a0Minute\" \/>\n<script type=\"application\/ld+json\" class=\"yoast-schema-graph\">{\"@context\":\"https:\\\/\\\/schema.org\",\"@graph\":[{\"@type\":\"Article\",\"@id\":\"https:\\\/\\\/www.tchausen.ch\\\/wordpress\\\/2025\\\/09\\\/30\\\/generationscup-2025\\\/#article\",\"isPartOf\":{\"@id\":\"https:\\\/\\\/www.tchausen.ch\\\/wordpress\\\/2025\\\/09\\\/30\\\/generationscup-2025\\\/\"},\"author\":{\"name\":\"Daniela Graf\",\"@id\":\"https:\\\/\\\/www.tchausen.ch\\\/wordpress\\\/#\\\/schema\\\/person\\\/982faf0f8bd318d2c3662db3bda363f0\"},\"headline\":\"Generationscup 2025\",\"datePublished\":\"2025-09-30T15:48:23+00:00\",\"dateModified\":\"2025-09-30T16:02:37+00:00\",\"mainEntityOfPage\":{\"@id\":\"https:\\\/\\\/www.tchausen.ch\\\/wordpress\\\/2025\\\/09\\\/30\\\/generationscup-2025\\\/\"},\"wordCount\":117,\"publisher\":{\"@id\":\"https:\\\/\\\/www.tchausen.ch\\\/wordpress\\\/#organization\"},\"image\":{\"@id\":\"https:\\\/\\\/www.tchausen.ch\\\/wordpress\\\/2025\\\/09\\\/30\\\/generationscup-2025\\\/#primaryimage\"},\"thumbnailUrl\":\"https:\\\/\\\/www.tchausen.ch\\\/wordpress\\\/wp-content\\\/uploads\\\/2025\\\/09\\\/GenCup-2025-12.jpg\",\"articleSection\":[\"Anl\u00e4sse\"],\"inLanguage\":\"de\"},{\"@type\":\"WebPage\",\"@id\":\"https:\\\/\\\/www.tchausen.ch\\\/wordpress\\\/2025\\\/09\\\/30\\\/generationscup-2025\\\/\",\"url\":\"https:\\\/\\\/www.tchausen.ch\\\/wordpress\\\/2025\\\/09\\\/30\\\/generationscup-2025\\\/\",\"name\":\"Generationscup 2025 - Tennisclub Hausen am Albis\",\"isPartOf\":{\"@id\":\"https:\\\/\\\/www.tchausen.ch\\\/wordpress\\\/#website\"},\"primaryImageOfPage\":{\"@id\":\"https:\\\/\\\/www.tchausen.ch\\\/wordpress\\\/2025\\\/09\\\/30\\\/generationscup-2025\\\/#primaryimage\"},\"image\":{\"@id\":\"https:\\\/\\\/www.tchausen.ch\\\/wordpress\\\/2025\\\/09\\\/30\\\/generationscup-2025\\\/#primaryimage\"},\"thumbnailUrl\":\"https:\\\/\\\/www.tchausen.ch\\\/wordpress\\\/wp-content\\\/uploads\\\/2025\\\/09\\\/GenCup-2025-12.jpg\",\"datePublished\":\"2025-09-30T15:48:23+00:00\",\"dateModified\":\"2025-09-30T16:02:37+00:00\",\"breadcrumb\":{\"@id\":\"https:\\\/\\\/www.tchausen.ch\\\/wordpress\\\/2025\\\/09\\\/30\\\/generationscup-2025\\\/#breadcrumb\"},\"inLanguage\":\"de\",\"potentialAction\":[{\"@type\":\"ReadAction\",\"target\":[\"https:\\\/\\\/www.tchausen.ch\\\/wordpress\\\/2025\\\/09\\\/30\\\/generationscup-2025\\\/\"]}]},{\"@type\":\"ImageObject\",\"inLanguage\":\"de\",\"@id\":\"https:\\\/\\\/www.tchausen.ch\\\/wordpress\\\/2025\\\/09\\\/30\\\/generationscup-2025\\\/#primaryimage\",\"url\":\"https:\\\/\\\/www.tchausen.ch\\\/wordpress\\\/wp-content\\\/uploads\\\/2025\\\/09\\\/GenCup-2025-12.jpg\",\"contentUrl\":\"https:\\\/\\\/www.tchausen.ch\\\/wordpress\\\/wp-content\\\/uploads\\\/2025\\\/09\\\/GenCup-2025-12.jpg\",\"width\":1800,\"height\":1350},{\"@type\":\"BreadcrumbList\",\"@id\":\"https:\\\/\\\/www.tchausen.ch\\\/wordpress\\\/2025\\\/09\\\/30\\\/generationscup-2025\\\/#breadcrumb\",\"itemListElement\":[{\"@type\":\"ListItem\",\"position\":1,\"name\":\"Startseite\",\"item\":\"https:\\\/\\\/www.tchausen.ch\\\/wordpress\\\/\"},{\"@type\":\"ListItem\",\"position\":2,\"name\":\"Generationscup 2025\"}]},{\"@type\":\"WebSite\",\"@id\":\"https:\\\/\\\/www.tchausen.ch\\\/wordpress\\\/#website\",\"url\":\"https:\\\/\\\/www.tchausen.ch\\\/wordpress\\\/\",\"name\":\"Tennisclub Hausen am Albis\",\"description\":\"\",\"publisher\":{\"@id\":\"https:\\\/\\\/www.tchausen.ch\\\/wordpress\\\/#organization\"},\"potentialAction\":[{\"@type\":\"SearchAction\",\"target\":{\"@type\":\"EntryPoint\",\"urlTemplate\":\"https:\\\/\\\/www.tchausen.ch\\\/wordpress\\\/?s={search_term_string}\"},\"query-input\":{\"@type\":\"PropertyValueSpecification\",\"valueRequired\":true,\"valueName\":\"search_term_string\"}}],\"inLanguage\":\"de\"},{\"@type\":\"Organization\",\"@id\":\"https:\\\/\\\/www.tchausen.ch\\\/wordpress\\\/#organization\",\"name\":\"Tennisclub Hausen am Albis\",\"url\":\"https:\\\/\\\/www.tchausen.ch\\\/wordpress\\\/\",\"logo\":{\"@type\":\"ImageObject\",\"inLanguage\":\"de\",\"@id\":\"https:\\\/\\\/www.tchausen.ch\\\/wordpress\\\/#\\\/schema\\\/logo\\\/image\\\/\",\"url\":\"https:\\\/\\\/www.tchausen.ch\\\/wordpress\\\/wp-content\\\/uploads\\\/2021\\\/03\\\/cropped-TCH_Logo2021_240x88_RGB.jpg\",\"contentUrl\":\"https:\\\/\\\/www.tchausen.ch\\\/wordpress\\\/wp-content\\\/uploads\\\/2021\\\/03\\\/cropped-TCH_Logo2021_240x88_RGB.jpg\",\"width\":681,\"height\":251,\"caption\":\"Tennisclub Hausen am Albis\"},\"image\":{\"@id\":\"https:\\\/\\\/www.tchausen.ch\\\/wordpress\\\/#\\\/schema\\\/logo\\\/image\\\/\"},\"sameAs\":[\"https:\\\/\\\/www.instagram.com\\\/tennisclub_hausen_am_albis\\\/\"]},{\"@type\":\"Person\",\"@id\":\"https:\\\/\\\/www.tchausen.ch\\\/wordpress\\\/#\\\/schema\\\/person\\\/982faf0f8bd318d2c3662db3bda363f0\",\"name\":\"Daniela Graf\",\"url\":\"https:\\\/\\\/www.tchausen.ch\\\/wordpress\\\/author\\\/danielagraf\\\/\"}]}<\/script>\n<!-- \/ Yoast SEO plugin. -->","yoast_head_json":{"title":"Generationscup 2025 - Tennisclub Hausen am Albis","robots":{"index":"index","follow":"follow","max-snippet":"max-snippet:-1","max-image-preview":"max-image-preview:large","max-video-preview":"max-video-preview:-1"},"canonical":"https:\/\/www.tchausen.ch\/wordpress\/2025\/09\/30\/generationscup-2025\/","og_locale":"de_DE","og_type":"article","og_title":"Generationscup 2025 - Tennisclub Hausen am Albis","og_description":"Am Sonntag, den 28. September, fand unser Generationscup 2025 statt. Dieses Jahr stand nicht nur Tennis, sondern auch Padel auf dem Programm \u2013 und beides sorgte f\u00fcr jede Menge Action [&hellip;]","og_url":"https:\/\/www.tchausen.ch\/wordpress\/2025\/09\/30\/generationscup-2025\/","og_site_name":"Tennisclub Hausen am Albis","article_published_time":"2025-09-30T15:48:23+00:00","article_modified_time":"2025-09-30T16:02:37+00:00","og_image":[{"width":1800,"height":1350,"url":"https:\/\/www.tchausen.ch\/wordpress\/wp-content\/uploads\/2025\/09\/GenCup-2025-12.jpg","type":"image\/jpeg"}],"author":"Daniela Graf","twitter_card":"summary_large_image","twitter_misc":{"Verfasst von":"Daniela Graf","Gesch\u00e4tzte Lesezeit":"1\u00a0Minute"},"schema":{"@context":"https:\/\/schema.org","@graph":[{"@type":"Article","@id":"https:\/\/www.tchausen.ch\/wordpress\/2025\/09\/30\/generationscup-2025\/#article","isPartOf":{"@id":"https:\/\/www.tchausen.ch\/wordpress\/2025\/09\/30\/generationscup-2025\/"},"author":{"name":"Daniela Graf","@id":"https:\/\/www.tchausen.ch\/wordpress\/#\/schema\/person\/982faf0f8bd318d2c3662db3bda363f0"},"headline":"Generationscup 2025","datePublished":"2025-09-30T15:48:23+00:00","dateModified":"2025-09-30T16:02:37+00:00","mainEntityOfPage":{"@id":"https:\/\/www.tchausen.ch\/wordpress\/2025\/09\/30\/generationscup-2025\/"},"wordCount":117,"publisher":{"@id":"https:\/\/www.tchausen.ch\/wordpress\/#organization"},"image":{"@id":"https:\/\/www.tchausen.ch\/wordpress\/2025\/09\/30\/generationscup-2025\/#primaryimage"},"thumbnailUrl":"https:\/\/www.tchausen.ch\/wordpress\/wp-content\/uploads\/2025\/09\/GenCup-2025-12.jpg","articleSection":["Anl\u00e4sse"],"inLanguage":"de"},{"@type":"WebPage","@id":"https:\/\/www.tchausen.ch\/wordpress\/2025\/09\/30\/generationscup-2025\/","url":"https:\/\/www.tchausen.ch\/wordpress\/2025\/09\/30\/generationscup-2025\/","name":"Generationscup 2025 - Tennisclub Hausen am Albis","isPartOf":{"@id":"https:\/\/www.tchausen.ch\/wordpress\/#website"},"primaryImageOfPage":{"@id":"https:\/\/www.tchausen.ch\/wordpress\/2025\/09\/30\/generationscup-2025\/#primaryimage"},"image":{"@id":"https:\/\/www.tchausen.ch\/wordpress\/2025\/09\/30\/generationscup-2025\/#primaryimage"},"thumbnailUrl":"https:\/\/www.tchausen.ch\/wordpress\/wp-content\/uploads\/2025\/09\/GenCup-2025-12.jpg","datePublished":"2025-09-30T15:48:23+00:00","dateModified":"2025-09-30T16:02:37+00:00","breadcrumb":{"@id":"https:\/\/www.tchausen.ch\/wordpress\/2025\/09\/30\/generationscup-2025\/#breadcrumb"},"inLanguage":"de","potentialAction":[{"@type":"ReadAction","target":["https:\/\/www.tchausen.ch\/wordpress\/2025\/09\/30\/generationscup-2025\/"]}]},{"@type":"ImageObject","inLanguage":"de","@id":"https:\/\/www.tchausen.ch\/wordpress\/2025\/09\/30\/generationscup-2025\/#primaryimage","url":"https:\/\/www.tchausen.ch\/wordpress\/wp-content\/uploads\/2025\/09\/GenCup-2025-12.jpg","contentUrl":"https:\/\/www.tchausen.ch\/wordpress\/wp-content\/uploads\/2025\/09\/GenCup-2025-12.jpg","width":1800,"height":1350},{"@type":"BreadcrumbList","@id":"https:\/\/www.tchausen.ch\/wordpress\/2025\/09\/30\/generationscup-2025\/#breadcrumb","itemListElement":[{"@type":"ListItem","position":1,"name":"Startseite","item":"https:\/\/www.tchausen.ch\/wordpress\/"},{"@type":"ListItem","position":2,"name":"Generationscup 2025"}]},{"@type":"WebSite","@id":"https:\/\/www.tchausen.ch\/wordpress\/#website","url":"https:\/\/www.tchausen.ch\/wordpress\/","name":"Tennisclub Hausen am Albis","description":"","publisher":{"@id":"https:\/\/www.tchausen.ch\/wordpress\/#organization"},"potentialAction":[{"@type":"SearchAction","target":{"@type":"EntryPoint","urlTemplate":"https:\/\/www.tchausen.ch\/wordpress\/?s={search_term_string}"},"query-input":{"@type":"PropertyValueSpecification","valueRequired":true,"valueName":"search_term_string"}}],"inLanguage":"de"},{"@type":"Organization","@id":"https:\/\/www.tchausen.ch\/wordpress\/#organization","name":"Tennisclub Hausen am Albis","url":"https:\/\/www.tchausen.ch\/wordpress\/","logo":{"@type":"ImageObject","inLanguage":"de","@id":"https:\/\/www.tchausen.ch\/wordpress\/#\/schema\/logo\/image\/","url":"https:\/\/www.tchausen.ch\/wordpress\/wp-content\/uploads\/2021\/03\/cropped-TCH_Logo2021_240x88_RGB.jpg","contentUrl":"https:\/\/www.tchausen.ch\/wordpress\/wp-content\/uploads\/2021\/03\/cropped-TCH_Logo2021_240x88_RGB.jpg","width":681,"height":251,"caption":"Tennisclub Hausen am Albis"},"image":{"@id":"https:\/\/www.tchausen.ch\/wordpress\/#\/schema\/logo\/image\/"},"sameAs":["https:\/\/www.instagram.com\/tennisclub_hausen_am_albis\/"]},{"@type":"Person","@id":"https:\/\/www.tchausen.ch\/wordpress\/#\/schema\/person\/982faf0f8bd318d2c3662db3bda363f0","name":"Daniela Graf","url":"https:\/\/www.tchausen.ch\/wordpress\/author\/danielagraf\/"}]}},"_links":{"self":[{"href":"https:\/\/www.tchausen.ch\/wordpress\/wp-json\/wp\/v2\/posts\/16951","targetHints":{"allow":["GET"]}}],"collection":[{"href":"https:\/\/www.tchausen.ch\/wordpress\/wp-json\/wp\/v2\/posts"}],"about":[{"href":"https:\/\/www.tchausen.ch\/wordpress\/wp-json\/wp\/v2\/types\/post"}],"author":[{"embeddable":true,"href":"https:\/\/www.tchausen.ch\/wordpress\/wp-json\/wp\/v2\/users\/7"}],"replies":[{"embeddable":true,"href":"https:\/\/www.tchausen.ch\/wordpress\/wp-json\/wp\/v2\/comments?post=16951"}],"version-history":[{"count":10,"href":"https:\/\/www.tchausen.ch\/wordpress\/wp-json\/wp\/v2\/posts\/16951\/revisions"}],"predecessor-version":[{"id":16963,"href":"https:\/\/www.tchausen.ch\/wordpress\/wp-json\/wp\/v2\/posts\/16951\/revisions\/16963"}],"wp:featuredmedia":[{"embeddable":true,"href":"https:\/\/www.tchausen.ch\/wordpress\/wp-json\/wp\/v2\/media\/16953"}],"wp:attachment":[{"href":"https:\/\/www.tchausen.ch\/wordpress\/wp-json\/wp\/v2\/media?parent=16951"}],"wp:term":[{"taxonomy":"category","embeddable":true,"href":"https:\/\/www.tchausen.ch\/wordpress\/wp-json\/wp\/v2\/categories?post=16951"},{"taxonomy":"post_tag","embeddable":true,"href":"https:\/\/www.tchausen.ch\/wordpress\/wp-json\/wp\/v2\/tags?post=16951"}],"curies":[{"name":"wp","href":"https:\/\/api.w.org\/{rel}","templated":true}]}}