{"id":17544,"date":"2026-04-25T19:59:52","date_gmt":"2026-04-25T17:59:52","guid":{"rendered":"https:\/\/www.tchausen.ch\/wordpress\/?p=17544"},"modified":"2026-04-25T20:12:51","modified_gmt":"2026-04-25T18:12:51","slug":"ic-saisonvorschau-45-2-liga","status":"publish","type":"post","link":"https:\/\/www.tchausen.ch\/wordpress\/2026\/04\/25\/ic-saisonvorschau-45-2-liga\/","title":{"rendered":"IC-Saisonvorschau 45+ 2.Liga"},"content":{"rendered":"\n<p>Nach der \u00fcberragenden IC-Saison 2025 und dem Aufstieg in die 2. Liga steht f\u00fcr das Team um Captain&nbsp;<strong>Bruno Eggmann<\/strong>&nbsp;in der anstehenden Spielzeit die grosse Bew\u00e4hrungsprobe an. Das seit Jahren in unver\u00e4nderter Besetzung spielende Team mit dem \u00dcbernamen \u00abdie Leuchtt\u00fcrme\u00bb ist sich der Rolle als Underdog bewusst, geht aber trotzdem und wie immer mit grossem Selbstvertrauen in die Saison.<\/p>\n\n\n\n<p><strong><u>Saisonvorbereitung:<\/u><\/strong><\/p>\n\n\n\n<p>Wie \u00fcblich hat sich jeder Spieler individuell und in Eigenverantwortung auf die neue Saison vorbereitet. Will heissen, die einzigen vom Team-Management aufgetragene Vorgaben hinsichtlich Vorbereitung waren, Klassierung und Kampfgewicht \u00fcber den Winter halten. Letzten Insider-Informationen zur Folge ist das den meisten gelungen.<\/p>\n\n\n\n<figure class=\"wp-block-image size-medium\"><img fetchpriority=\"high\" decoding=\"async\" width=\"249\" height=\"300\" src=\"https:\/\/www.tchausen.ch\/wordpress\/wp-content\/uploads\/2026\/04\/Bruno-Eggmann-in-Action-249x300.jpg\" alt=\"\" class=\"wp-image-17545\" srcset=\"https:\/\/www.tchausen.ch\/wordpress\/wp-content\/uploads\/2026\/04\/Bruno-Eggmann-in-Action-249x300.jpg 249w, https:\/\/www.tchausen.ch\/wordpress\/wp-content\/uploads\/2026\/04\/Bruno-Eggmann-in-Action-850x1024.jpg 850w, https:\/\/www.tchausen.ch\/wordpress\/wp-content\/uploads\/2026\/04\/Bruno-Eggmann-in-Action-768x925.jpg 768w, https:\/\/www.tchausen.ch\/wordpress\/wp-content\/uploads\/2026\/04\/Bruno-Eggmann-in-Action-1275x1536.jpg 1275w, https:\/\/www.tchausen.ch\/wordpress\/wp-content\/uploads\/2026\/04\/Bruno-Eggmann-in-Action.jpg 1290w\" sizes=\"(max-width: 249px) 100vw, 249px\" \/><figcaption class=\"wp-element-caption\">Captain Bruno Eggmann bei Test der neuen Team-Shorts<\/figcaption><\/figure>\n\n\n\n<p><strong><u>Saisonziel:<\/u><\/strong><\/p>\n\n\n\n<p>In der Gruppe mit den kurzen Wegen (Gegner sind Adliswil, Thalwil und Engstringen) gehen die Ober\u00e4mtler als klare Aussenseiter in die Saison. Da \u00e4ndert auch die Tatsache nichts, dass nach dem Aufstieg viel positive Energie im Team vorhanden ist und die Gegner der individuellen Klassierungen wegen das Leuchtturm-Team m\u00f6glicherweise untersch\u00e4tzen d\u00fcrften. Unabh\u00e4ngig von Liga und Gegner heisst das Saisonziel wie immer Spass haben, faire Spiele absolvieren und nat\u00fcrlich gut Essen. Unter dem Motto, jeder Punkt ist ein gewonnener Punkt wird\u2019s dann schon irgendwie funktionieren.<\/p>\n\n\n\n<p><strong><u>Teammitglieder:<\/u><\/strong><\/p>\n\n\n\n<p><strong>Bruno Eggmann<\/strong>: das Vorbild in Person! Erster Leuchtturm-Spieler ever, der sich mit einer Personal-Trainerin auf die neue Saison vorbereitet<\/p>\n\n\n\n<p><strong>Philippe Christen<\/strong>: sein treuer Wadenbeisser wird daf\u00fcr schauen, dass er auf dem Platz alles gibt<\/p>\n\n\n\n<p><strong>Alex Fuchs:<\/strong>&nbsp;unser Dressman, d.h. macht auf und neben dem Platz eine gute Falle<\/p>\n\n\n\n<p><strong>Roland Gilles<\/strong>: der Mann im Team, den es zu schlagen gilt<\/p>\n\n\n\n<p><strong>Reto Fust:&nbsp;<\/strong>ein Zwicken da, ein Riss dort. Aber wenn er einmal in Fahrt kommt, dann ist dem vis-\u00e0-vis alles Gute zu w\u00fcnschen<\/p>\n\n\n\n<p><strong>Martin Carlsson:&nbsp;<\/strong>nach seinen Grosserfolgen im Winter (mit der Bandy-Nationalmannschaft) geht er befl\u00fcgelt in die IC-Saison<\/p>\n\n\n\n<p><strong>Bruno Candrian:&nbsp;<\/strong>die Zuverl\u00e4ssigkeit in Person, auf und neben dem Platz<\/p>\n\n\n\n<p><strong>Fabrizio Camardella:<\/strong>&nbsp;unser Punktegarant, wenn er nicht gerade in S\u00fcdkorea weilt<\/p>\n\n\n\n<p><strong>Mike Speckmann:<\/strong>&nbsp;FCZ, Padel, Tennis, Faustball \u2013 er redet \u00fcberall ein W\u00f6rtchen mit<\/p>\n\n\n\n<p><strong>Adrian Fl\u00fcckiger:<\/strong>&nbsp;der Mann mit dem meisten Leistungsdruck im Team<\/p>\n\n\n\n<p>Hopp Huuse sagt Chasper Weidli<\/p>\n","protected":false},"excerpt":{"rendered":"<p>Nach der \u00fcberragenden IC-Saison 2025 und dem Aufstieg in die 2. Liga steht f\u00fcr das Team um Captain&nbsp;Bruno Eggmann&nbsp;in der anstehenden Spielzeit die grosse Bew\u00e4hrungsprobe an. Das seit Jahren in [&hellip;]<\/p>\n","protected":false},"author":1,"featured_media":17548,"comment_status":"closed","ping_status":"closed","sticky":false,"template":"","format":"standard","meta":{"content-type":"","ocean_post_layout":"","ocean_both_sidebars_style":"","ocean_both_sidebars_content_width":0,"ocean_both_sidebars_sidebars_width":0,"ocean_sidebar":"","ocean_second_sidebar":"","ocean_disable_margins":"enable","ocean_add_body_class":"","ocean_shortcode_before_top_bar":"","ocean_shortcode_after_top_bar":"","ocean_shortcode_before_header":"","ocean_shortcode_after_header":"","ocean_has_shortcode":"","ocean_shortcode_after_title":"","ocean_shortcode_before_footer_widgets":"","ocean_shortcode_after_footer_widgets":"","ocean_shortcode_before_footer_bottom":"","ocean_shortcode_after_footer_bottom":"","ocean_display_top_bar":"default","ocean_display_header":"default","ocean_header_style":"","ocean_center_header_left_menu":"","ocean_custom_header_template":"","ocean_custom_logo":0,"ocean_custom_retina_logo":0,"ocean_custom_logo_max_width":0,"ocean_custom_logo_tablet_max_width":0,"ocean_custom_logo_mobile_max_width":0,"ocean_custom_logo_max_height":0,"ocean_custom_logo_tablet_max_height":0,"ocean_custom_logo_mobile_max_height":0,"ocean_header_custom_menu":"","ocean_menu_typo_font_family":"","ocean_menu_typo_font_subset":"","ocean_menu_typo_font_size":0,"ocean_menu_typo_font_size_tablet":0,"ocean_menu_typo_font_size_mobile":0,"ocean_menu_typo_font_size_unit":"px","ocean_menu_typo_font_weight":"","ocean_menu_typo_font_weight_tablet":"","ocean_menu_typo_font_weight_mobile":"","ocean_menu_typo_transform":"","ocean_menu_typo_transform_tablet":"","ocean_menu_typo_transform_mobile":"","ocean_menu_typo_line_height":0,"ocean_menu_typo_line_height_tablet":0,"ocean_menu_typo_line_height_mobile":0,"ocean_menu_typo_line_height_unit":"","ocean_menu_typo_spacing":0,"ocean_menu_typo_spacing_tablet":0,"ocean_menu_typo_spacing_mobile":0,"ocean_menu_typo_spacing_unit":"","ocean_menu_link_color":"","ocean_menu_link_color_hover":"","ocean_menu_link_color_active":"","ocean_menu_link_background":"","ocean_menu_link_hover_background":"","ocean_menu_link_active_background":"","ocean_menu_social_links_bg":"","ocean_menu_social_hover_links_bg":"","ocean_menu_social_links_color":"","ocean_menu_social_hover_links_color":"","ocean_disable_title":"default","ocean_disable_heading":"default","ocean_post_title":"","ocean_post_subheading":"","ocean_post_title_style":"","ocean_post_title_background_color":"","ocean_post_title_background":0,"ocean_post_title_bg_image_position":"","ocean_post_title_bg_image_attachment":"","ocean_post_title_bg_image_repeat":"","ocean_post_title_bg_image_size":"","ocean_post_title_height":0,"ocean_post_title_bg_overlay":0.5,"ocean_post_title_bg_overlay_color":"","ocean_disable_breadcrumbs":"default","ocean_breadcrumbs_color":"","ocean_breadcrumbs_separator_color":"","ocean_breadcrumbs_links_color":"","ocean_breadcrumbs_links_hover_color":"","ocean_display_footer_widgets":"default","ocean_display_footer_bottom":"default","ocean_custom_footer_template":"","osh_disable_topbar_sticky":"default","osh_disable_header_sticky":"default","osh_sticky_header_style":"default","osh_sticky_header_effect":"","osh_custom_sticky_logo":0,"osh_custom_retina_sticky_logo":0,"osh_custom_sticky_logo_height":0,"osh_background_color":"","osh_links_color":"","osh_links_hover_color":"","osh_links_active_color":"","osh_links_bg_color":"","osh_links_hover_bg_color":"","osh_links_active_bg_color":"","osh_menu_social_links_color":"","osh_menu_social_hover_links_color":"","ocean_post_oembed":"","ocean_post_self_hosted_media":"","ocean_post_video_embed":"","ocean_link_format":"","ocean_link_format_target":"self","ocean_quote_format":"","ocean_quote_format_link":"post","ocean_gallery_link_images":"on","ocean_gallery_id":[],"footnotes":""},"categories":[1],"tags":[],"class_list":["post-17544","post","type-post","status-publish","format-standard","has-post-thumbnail","hentry","category-allgemein","entry","has-media"],"yoast_head":"<!-- This site is optimized with the Yoast SEO plugin v27.4 - https:\/\/yoast.com\/product\/yoast-seo-wordpress\/ -->\n<title>IC-Saisonvorschau 45+ 2.Liga - Tennisclub Hausen am Albis<\/title>\n<meta name=\"robots\" content=\"index, follow, max-snippet:-1, max-image-preview:large, max-video-preview:-1\" \/>\n<link rel=\"canonical\" href=\"https:\/\/www.tchausen.ch\/wordpress\/2026\/04\/25\/ic-saisonvorschau-45-2-liga\/\" \/>\n<meta property=\"og:locale\" content=\"de_DE\" \/>\n<meta property=\"og:type\" content=\"article\" \/>\n<meta property=\"og:title\" content=\"IC-Saisonvorschau 45+ 2.Liga - Tennisclub Hausen am Albis\" \/>\n<meta property=\"og:description\" content=\"Nach der \u00fcberragenden IC-Saison 2025 und dem Aufstieg in die 2. Liga steht f\u00fcr das Team um Captain&nbsp;Bruno Eggmann&nbsp;in der anstehenden Spielzeit die grosse Bew\u00e4hrungsprobe an. Das seit Jahren in [&hellip;]\" \/>\n<meta property=\"og:url\" content=\"https:\/\/www.tchausen.ch\/wordpress\/2026\/04\/25\/ic-saisonvorschau-45-2-liga\/\" \/>\n<meta property=\"og:site_name\" content=\"Tennisclub Hausen am Albis\" \/>\n<meta property=\"article:published_time\" content=\"2026-04-25T17:59:52+00:00\" \/>\n<meta property=\"article:modified_time\" content=\"2026-04-25T18:12:51+00:00\" \/>\n<meta property=\"og:image\" content=\"https:\/\/www.tchausen.ch\/wordpress\/wp-content\/uploads\/2026\/04\/IC-News-2026-45-3985.jpg\" \/>\n\t<meta property=\"og:image:width\" content=\"1600\" \/>\n\t<meta property=\"og:image:height\" content=\"1200\" \/>\n\t<meta property=\"og:image:type\" content=\"image\/jpeg\" \/>\n<meta name=\"author\" content=\"Nico Koelliker\" \/>\n<meta name=\"twitter:card\" content=\"summary_large_image\" \/>\n<meta name=\"twitter:label1\" content=\"Verfasst von\" \/>\n\t<meta name=\"twitter:data1\" content=\"Nico Koelliker\" \/>\n\t<meta name=\"twitter:label2\" content=\"Gesch\u00e4tzte Lesezeit\" \/>\n\t<meta name=\"twitter:data2\" content=\"3\u00a0Minuten\" \/>\n<script type=\"application\/ld+json\" class=\"yoast-schema-graph\">{\"@context\":\"https:\\\/\\\/schema.org\",\"@graph\":[{\"@type\":\"Article\",\"@id\":\"https:\\\/\\\/www.tchausen.ch\\\/wordpress\\\/2026\\\/04\\\/25\\\/ic-saisonvorschau-45-2-liga\\\/#article\",\"isPartOf\":{\"@id\":\"https:\\\/\\\/www.tchausen.ch\\\/wordpress\\\/2026\\\/04\\\/25\\\/ic-saisonvorschau-45-2-liga\\\/\"},\"author\":{\"name\":\"Nico Koelliker\",\"@id\":\"https:\\\/\\\/www.tchausen.ch\\\/wordpress\\\/#\\\/schema\\\/person\\\/5b6b765c32bc86c1b03f45a4c5d6bff4\"},\"headline\":\"IC-Saisonvorschau 45+ 2.Liga\",\"datePublished\":\"2026-04-25T17:59:52+00:00\",\"dateModified\":\"2026-04-25T18:12:51+00:00\",\"mainEntityOfPage\":{\"@id\":\"https:\\\/\\\/www.tchausen.ch\\\/wordpress\\\/2026\\\/04\\\/25\\\/ic-saisonvorschau-45-2-liga\\\/\"},\"wordCount\":373,\"publisher\":{\"@id\":\"https:\\\/\\\/www.tchausen.ch\\\/wordpress\\\/#organization\"},\"image\":{\"@id\":\"https:\\\/\\\/www.tchausen.ch\\\/wordpress\\\/2026\\\/04\\\/25\\\/ic-saisonvorschau-45-2-liga\\\/#primaryimage\"},\"thumbnailUrl\":\"https:\\\/\\\/www.tchausen.ch\\\/wordpress\\\/wp-content\\\/uploads\\\/2026\\\/04\\\/IC-News-2026-45-3985.jpg\",\"inLanguage\":\"de\"},{\"@type\":\"WebPage\",\"@id\":\"https:\\\/\\\/www.tchausen.ch\\\/wordpress\\\/2026\\\/04\\\/25\\\/ic-saisonvorschau-45-2-liga\\\/\",\"url\":\"https:\\\/\\\/www.tchausen.ch\\\/wordpress\\\/2026\\\/04\\\/25\\\/ic-saisonvorschau-45-2-liga\\\/\",\"name\":\"IC-Saisonvorschau 45+ 2.Liga - Tennisclub Hausen am Albis\",\"isPartOf\":{\"@id\":\"https:\\\/\\\/www.tchausen.ch\\\/wordpress\\\/#website\"},\"primaryImageOfPage\":{\"@id\":\"https:\\\/\\\/www.tchausen.ch\\\/wordpress\\\/2026\\\/04\\\/25\\\/ic-saisonvorschau-45-2-liga\\\/#primaryimage\"},\"image\":{\"@id\":\"https:\\\/\\\/www.tchausen.ch\\\/wordpress\\\/2026\\\/04\\\/25\\\/ic-saisonvorschau-45-2-liga\\\/#primaryimage\"},\"thumbnailUrl\":\"https:\\\/\\\/www.tchausen.ch\\\/wordpress\\\/wp-content\\\/uploads\\\/2026\\\/04\\\/IC-News-2026-45-3985.jpg\",\"datePublished\":\"2026-04-25T17:59:52+00:00\",\"dateModified\":\"2026-04-25T18:12:51+00:00\",\"breadcrumb\":{\"@id\":\"https:\\\/\\\/www.tchausen.ch\\\/wordpress\\\/2026\\\/04\\\/25\\\/ic-saisonvorschau-45-2-liga\\\/#breadcrumb\"},\"inLanguage\":\"de\",\"potentialAction\":[{\"@type\":\"ReadAction\",\"target\":[\"https:\\\/\\\/www.tchausen.ch\\\/wordpress\\\/2026\\\/04\\\/25\\\/ic-saisonvorschau-45-2-liga\\\/\"]}]},{\"@type\":\"ImageObject\",\"inLanguage\":\"de\",\"@id\":\"https:\\\/\\\/www.tchausen.ch\\\/wordpress\\\/2026\\\/04\\\/25\\\/ic-saisonvorschau-45-2-liga\\\/#primaryimage\",\"url\":\"https:\\\/\\\/www.tchausen.ch\\\/wordpress\\\/wp-content\\\/uploads\\\/2026\\\/04\\\/IC-News-2026-45-3985.jpg\",\"contentUrl\":\"https:\\\/\\\/www.tchausen.ch\\\/wordpress\\\/wp-content\\\/uploads\\\/2026\\\/04\\\/IC-News-2026-45-3985.jpg\",\"width\":1600,\"height\":1200},{\"@type\":\"BreadcrumbList\",\"@id\":\"https:\\\/\\\/www.tchausen.ch\\\/wordpress\\\/2026\\\/04\\\/25\\\/ic-saisonvorschau-45-2-liga\\\/#breadcrumb\",\"itemListElement\":[{\"@type\":\"ListItem\",\"position\":1,\"name\":\"Startseite\",\"item\":\"https:\\\/\\\/www.tchausen.ch\\\/wordpress\\\/\"},{\"@type\":\"ListItem\",\"position\":2,\"name\":\"IC-Saisonvorschau 45+ 2.Liga\"}]},{\"@type\":\"WebSite\",\"@id\":\"https:\\\/\\\/www.tchausen.ch\\\/wordpress\\\/#website\",\"url\":\"https:\\\/\\\/www.tchausen.ch\\\/wordpress\\\/\",\"name\":\"Tennisclub Hausen am Albis\",\"description\":\"\",\"publisher\":{\"@id\":\"https:\\\/\\\/www.tchausen.ch\\\/wordpress\\\/#organization\"},\"potentialAction\":[{\"@type\":\"SearchAction\",\"target\":{\"@type\":\"EntryPoint\",\"urlTemplate\":\"https:\\\/\\\/www.tchausen.ch\\\/wordpress\\\/?s={search_term_string}\"},\"query-input\":{\"@type\":\"PropertyValueSpecification\",\"valueRequired\":true,\"valueName\":\"search_term_string\"}}],\"inLanguage\":\"de\"},{\"@type\":\"Organization\",\"@id\":\"https:\\\/\\\/www.tchausen.ch\\\/wordpress\\\/#organization\",\"name\":\"Tennisclub Hausen am Albis\",\"url\":\"https:\\\/\\\/www.tchausen.ch\\\/wordpress\\\/\",\"logo\":{\"@type\":\"ImageObject\",\"inLanguage\":\"de\",\"@id\":\"https:\\\/\\\/www.tchausen.ch\\\/wordpress\\\/#\\\/schema\\\/logo\\\/image\\\/\",\"url\":\"https:\\\/\\\/www.tchausen.ch\\\/wordpress\\\/wp-content\\\/uploads\\\/2021\\\/03\\\/cropped-TCH_Logo2021_240x88_RGB.jpg\",\"contentUrl\":\"https:\\\/\\\/www.tchausen.ch\\\/wordpress\\\/wp-content\\\/uploads\\\/2021\\\/03\\\/cropped-TCH_Logo2021_240x88_RGB.jpg\",\"width\":681,\"height\":251,\"caption\":\"Tennisclub Hausen am Albis\"},\"image\":{\"@id\":\"https:\\\/\\\/www.tchausen.ch\\\/wordpress\\\/#\\\/schema\\\/logo\\\/image\\\/\"},\"sameAs\":[\"https:\\\/\\\/www.instagram.com\\\/tennisclub_hausen_am_albis\\\/\"]},{\"@type\":\"Person\",\"@id\":\"https:\\\/\\\/www.tchausen.ch\\\/wordpress\\\/#\\\/schema\\\/person\\\/5b6b765c32bc86c1b03f45a4c5d6bff4\",\"name\":\"Nico Koelliker\",\"sameAs\":[\"http:\\\/\\\/www.tchausen.ch\\\/wordpress\"],\"url\":\"https:\\\/\\\/www.tchausen.ch\\\/wordpress\\\/author\\\/nicokoelliker\\\/\"}]}<\/script>\n<!-- \/ Yoast SEO plugin. -->","yoast_head_json":{"title":"IC-Saisonvorschau 45+ 2.Liga - Tennisclub Hausen am Albis","robots":{"index":"index","follow":"follow","max-snippet":"max-snippet:-1","max-image-preview":"max-image-preview:large","max-video-preview":"max-video-preview:-1"},"canonical":"https:\/\/www.tchausen.ch\/wordpress\/2026\/04\/25\/ic-saisonvorschau-45-2-liga\/","og_locale":"de_DE","og_type":"article","og_title":"IC-Saisonvorschau 45+ 2.Liga - Tennisclub Hausen am Albis","og_description":"Nach der \u00fcberragenden IC-Saison 2025 und dem Aufstieg in die 2. Liga steht f\u00fcr das Team um Captain&nbsp;Bruno Eggmann&nbsp;in der anstehenden Spielzeit die grosse Bew\u00e4hrungsprobe an. Das seit Jahren in [&hellip;]","og_url":"https:\/\/www.tchausen.ch\/wordpress\/2026\/04\/25\/ic-saisonvorschau-45-2-liga\/","og_site_name":"Tennisclub Hausen am Albis","article_published_time":"2026-04-25T17:59:52+00:00","article_modified_time":"2026-04-25T18:12:51+00:00","og_image":[{"width":1600,"height":1200,"url":"https:\/\/www.tchausen.ch\/wordpress\/wp-content\/uploads\/2026\/04\/IC-News-2026-45-3985.jpg","type":"image\/jpeg"}],"author":"Nico Koelliker","twitter_card":"summary_large_image","twitter_misc":{"Verfasst von":"Nico Koelliker","Gesch\u00e4tzte Lesezeit":"3\u00a0Minuten"},"schema":{"@context":"https:\/\/schema.org","@graph":[{"@type":"Article","@id":"https:\/\/www.tchausen.ch\/wordpress\/2026\/04\/25\/ic-saisonvorschau-45-2-liga\/#article","isPartOf":{"@id":"https:\/\/www.tchausen.ch\/wordpress\/2026\/04\/25\/ic-saisonvorschau-45-2-liga\/"},"author":{"name":"Nico Koelliker","@id":"https:\/\/www.tchausen.ch\/wordpress\/#\/schema\/person\/5b6b765c32bc86c1b03f45a4c5d6bff4"},"headline":"IC-Saisonvorschau 45+ 2.Liga","datePublished":"2026-04-25T17:59:52+00:00","dateModified":"2026-04-25T18:12:51+00:00","mainEntityOfPage":{"@id":"https:\/\/www.tchausen.ch\/wordpress\/2026\/04\/25\/ic-saisonvorschau-45-2-liga\/"},"wordCount":373,"publisher":{"@id":"https:\/\/www.tchausen.ch\/wordpress\/#organization"},"image":{"@id":"https:\/\/www.tchausen.ch\/wordpress\/2026\/04\/25\/ic-saisonvorschau-45-2-liga\/#primaryimage"},"thumbnailUrl":"https:\/\/www.tchausen.ch\/wordpress\/wp-content\/uploads\/2026\/04\/IC-News-2026-45-3985.jpg","inLanguage":"de"},{"@type":"WebPage","@id":"https:\/\/www.tchausen.ch\/wordpress\/2026\/04\/25\/ic-saisonvorschau-45-2-liga\/","url":"https:\/\/www.tchausen.ch\/wordpress\/2026\/04\/25\/ic-saisonvorschau-45-2-liga\/","name":"IC-Saisonvorschau 45+ 2.Liga - Tennisclub Hausen am Albis","isPartOf":{"@id":"https:\/\/www.tchausen.ch\/wordpress\/#website"},"primaryImageOfPage":{"@id":"https:\/\/www.tchausen.ch\/wordpress\/2026\/04\/25\/ic-saisonvorschau-45-2-liga\/#primaryimage"},"image":{"@id":"https:\/\/www.tchausen.ch\/wordpress\/2026\/04\/25\/ic-saisonvorschau-45-2-liga\/#primaryimage"},"thumbnailUrl":"https:\/\/www.tchausen.ch\/wordpress\/wp-content\/uploads\/2026\/04\/IC-News-2026-45-3985.jpg","datePublished":"2026-04-25T17:59:52+00:00","dateModified":"2026-04-25T18:12:51+00:00","breadcrumb":{"@id":"https:\/\/www.tchausen.ch\/wordpress\/2026\/04\/25\/ic-saisonvorschau-45-2-liga\/#breadcrumb"},"inLanguage":"de","potentialAction":[{"@type":"ReadAction","target":["https:\/\/www.tchausen.ch\/wordpress\/2026\/04\/25\/ic-saisonvorschau-45-2-liga\/"]}]},{"@type":"ImageObject","inLanguage":"de","@id":"https:\/\/www.tchausen.ch\/wordpress\/2026\/04\/25\/ic-saisonvorschau-45-2-liga\/#primaryimage","url":"https:\/\/www.tchausen.ch\/wordpress\/wp-content\/uploads\/2026\/04\/IC-News-2026-45-3985.jpg","contentUrl":"https:\/\/www.tchausen.ch\/wordpress\/wp-content\/uploads\/2026\/04\/IC-News-2026-45-3985.jpg","width":1600,"height":1200},{"@type":"BreadcrumbList","@id":"https:\/\/www.tchausen.ch\/wordpress\/2026\/04\/25\/ic-saisonvorschau-45-2-liga\/#breadcrumb","itemListElement":[{"@type":"ListItem","position":1,"name":"Startseite","item":"https:\/\/www.tchausen.ch\/wordpress\/"},{"@type":"ListItem","position":2,"name":"IC-Saisonvorschau 45+ 2.Liga"}]},{"@type":"WebSite","@id":"https:\/\/www.tchausen.ch\/wordpress\/#website","url":"https:\/\/www.tchausen.ch\/wordpress\/","name":"Tennisclub Hausen am Albis","description":"","publisher":{"@id":"https:\/\/www.tchausen.ch\/wordpress\/#organization"},"potentialAction":[{"@type":"SearchAction","target":{"@type":"EntryPoint","urlTemplate":"https:\/\/www.tchausen.ch\/wordpress\/?s={search_term_string}"},"query-input":{"@type":"PropertyValueSpecification","valueRequired":true,"valueName":"search_term_string"}}],"inLanguage":"de"},{"@type":"Organization","@id":"https:\/\/www.tchausen.ch\/wordpress\/#organization","name":"Tennisclub Hausen am Albis","url":"https:\/\/www.tchausen.ch\/wordpress\/","logo":{"@type":"ImageObject","inLanguage":"de","@id":"https:\/\/www.tchausen.ch\/wordpress\/#\/schema\/logo\/image\/","url":"https:\/\/www.tchausen.ch\/wordpress\/wp-content\/uploads\/2021\/03\/cropped-TCH_Logo2021_240x88_RGB.jpg","contentUrl":"https:\/\/www.tchausen.ch\/wordpress\/wp-content\/uploads\/2021\/03\/cropped-TCH_Logo2021_240x88_RGB.jpg","width":681,"height":251,"caption":"Tennisclub Hausen am Albis"},"image":{"@id":"https:\/\/www.tchausen.ch\/wordpress\/#\/schema\/logo\/image\/"},"sameAs":["https:\/\/www.instagram.com\/tennisclub_hausen_am_albis\/"]},{"@type":"Person","@id":"https:\/\/www.tchausen.ch\/wordpress\/#\/schema\/person\/5b6b765c32bc86c1b03f45a4c5d6bff4","name":"Nico Koelliker","sameAs":["http:\/\/www.tchausen.ch\/wordpress"],"url":"https:\/\/www.tchausen.ch\/wordpress\/author\/nicokoelliker\/"}]}},"_links":{"self":[{"href":"https:\/\/www.tchausen.ch\/wordpress\/wp-json\/wp\/v2\/posts\/17544","targetHints":{"allow":["GET"]}}],"collection":[{"href":"https:\/\/www.tchausen.ch\/wordpress\/wp-json\/wp\/v2\/posts"}],"about":[{"href":"https:\/\/www.tchausen.ch\/wordpress\/wp-json\/wp\/v2\/types\/post"}],"author":[{"embeddable":true,"href":"https:\/\/www.tchausen.ch\/wordpress\/wp-json\/wp\/v2\/users\/1"}],"replies":[{"embeddable":true,"href":"https:\/\/www.tchausen.ch\/wordpress\/wp-json\/wp\/v2\/comments?post=17544"}],"version-history":[{"count":1,"href":"https:\/\/www.tchausen.ch\/wordpress\/wp-json\/wp\/v2\/posts\/17544\/revisions"}],"predecessor-version":[{"id":17546,"href":"https:\/\/www.tchausen.ch\/wordpress\/wp-json\/wp\/v2\/posts\/17544\/revisions\/17546"}],"wp:featuredmedia":[{"embeddable":true,"href":"https:\/\/www.tchausen.ch\/wordpress\/wp-json\/wp\/v2\/media\/17548"}],"wp:attachment":[{"href":"https:\/\/www.tchausen.ch\/wordpress\/wp-json\/wp\/v2\/media?parent=17544"}],"wp:term":[{"taxonomy":"category","embeddable":true,"href":"https:\/\/www.tchausen.ch\/wordpress\/wp-json\/wp\/v2\/categories?post=17544"},{"taxonomy":"post_tag","embeddable":true,"href":"https:\/\/www.tchausen.ch\/wordpress\/wp-json\/wp\/v2\/tags?post=17544"}],"curies":[{"name":"wp","href":"https:\/\/api.w.org\/{rel}","templated":true}]}}